{"id":62,"date":"2020-02-06T18:35:00","date_gmt":"2020-02-06T18:35:00","guid":{"rendered":"https:\/\/www.entredones.com\/blog\/?p=62"},"modified":"2021-05-14T15:09:20","modified_gmt":"2021-05-14T15:09:20","slug":"unitat-de-salut-i-benestar-infantojuvenil","status":"publish","type":"post","link":"https:\/\/www.entredones.com\/blog\/unitat-de-salut-i-benestar-infantojuvenil\/","title":{"rendered":"Unitat de Salut i Benestar Infantojuvenil"},"content":{"rendered":"\n<p style=\"font-size:15px\">Els adults solen pensar que els nens i els adolescents no tenen o no haurien de tenir problemes. O b\u00e9, que els seus problemes s\u00f3n coses de l\u2019edat i que amb el temps marxaran.<\/p>\n\n\n\n<p style=\"font-size:15px\">Actualment, sabem que als catorze anys han sorgit ja la meitat dels problemes de salut mental que apareixeran en el curs de la vida adulta. Per aquest motiu cal tenir en compte les emocions i els comportaments dels m\u00e9s petits de la casa.<\/p>\n\n\n\n<p style=\"font-size:15px\">La&nbsp;<strong>Unitat de Salut i Benestar Infantojuvenil d\u2019Entredones, parlem de salut&nbsp;<\/strong>ofereix atenci\u00f3 especialitzada a la Salut Mental en r\u00e8gim ambulatori als nens\/es i a joves amb edats compreses entre els 9 i els 25&nbsp;anys.<\/p>\n\n\n\n<p style=\"font-size:15px\">La Unitat est\u00e0 integrada per professionals que procedeixen del camp de la medicina i de la psicologia, comptem amb especialistes en medicina familiar, psiquiatria, psicologia, ginecologia, nutrici\u00f3, i sexologia.<\/p>\n\n\n\n<p style=\"font-size:15px\">S\u00f3n diverses les \u00e0rees de la\u00a0<strong>Psicologia Infantojuvenil<\/strong>\u00a0que es tracten en aquesta Unitat i que podem resumir en els seg\u00fcents apartats:<\/p>\n\n\n\n<p class=\"has-normal-font-size\"><br><strong>-Addiccions<\/strong><\/p>\n\n\n\n<p class=\"has-normal-font-size\"><strong>-Trastorns de la Conducta<\/strong><\/p>\n\n\n\n<p class=\"has-normal-font-size\"><strong>-Trastorns de l&#8217;aprenentatge.<\/strong><\/p>\n\n\n\n<p class=\"has-normal-font-size\"><strong>-Trastorns Psicoemocionals<\/strong><\/p>\n\n\n\n<h1 class=\"has-normal-font-size wp-block-heading\"><strong>-Trastorns de la Conducta Aliment\u00e0ria<\/strong><\/h1>\n\n\n\n<p style=\"font-size:15px\">Els&nbsp;<strong>Trastorns de la Conducta Alimentaria (TCA)<\/strong>&nbsp;s\u00f3n trastorns que impliquen greus conseq\u00fc\u00e8ncies a diferents nivells. Les manifestacions cl\u00edniques dels TCA es presenten en l\u2019\u00e0rea de la salut f\u00edsica, conductual, cognitiva, emocional i social. Aquests TCA tenen en com\u00fa l\u2019obsessi\u00f3 pel pes, la imatge i la dieta.<\/p>\n\n\n\n<p style=\"font-size:15px\">El nostre model de tractament es realitza a trav\u00e9s de l\u2019abordatge bio-psicosocial i un pla d\u2019intervenci\u00f3 adequat i personalitzat per a cada jove.&nbsp;Treballem tamb\u00e9 amb l\u2019entorn pr\u00f2xim: fam\u00edlia, amics, comunitat educativa.<\/p>\n\n\n\n<p style=\"font-size:15px\">Quins&nbsp;<strong>Trastorns de la Conducta Aliment\u00e0ria<\/strong>&nbsp;tractem?<\/p>\n\n\n\n<ul class=\"wp-block-list\" style=\"font-size:15px\"><li><strong>Anor\u00e8xia Nerviosa<\/strong><\/li><li><strong>Bul\u00edmia Nerviosa<\/strong><\/li><li><strong>Trastorn per afartament<\/strong><\/li><li><strong>Obesitat<\/strong><\/li><li><strong>Vigor\u00e8xia<\/strong><\/li><li><strong>Ortor\u00e8xia<\/strong><\/li><\/ul>\n","protected":false},"excerpt":{"rendered":"<p>Els adults solen pensar que els nens i els adolescents no tenen o no haurien de tenir problemes. O b\u00e9, que els seus problemes s\u00f3n coses de l\u2019edat i que&#8230;<\/p>\n","protected":false},"author":1,"featured_media":233,"comment_status":"closed","ping_status":"open","sticky":false,"template":"","format":"standard","meta":{"footnotes":""},"categories":[9],"tags":[],"class_list":["post-62","post","type-post","status-publish","format-standard","has-post-thumbnail","hentry","category-psicologia"],"yoast_head":"<!-- This site is optimized with the Yoast SEO plugin v19.4 - https:\/\/yoast.com\/wordpress\/plugins\/seo\/ -->\n<title>Unitat de Salut i Benestar Infantojuvenil - Entredones blog<\/title>\n<meta name=\"robots\" content=\"index, follow, max-snippet:-1, max-image-preview:large, max-video-preview:-1\" \/>\n<link rel=\"canonical\" href=\"https:\/\/www.entredones.com\/blog\/unitat-de-salut-i-benestar-infantojuvenil\/\" \/>\n<meta property=\"og:locale\" content=\"es_ES\" \/>\n<meta property=\"og:type\" content=\"article\" \/>\n<meta property=\"og:title\" content=\"Unitat de Salut i Benestar Infantojuvenil - Entredones blog\" \/>\n<meta property=\"og:description\" content=\"Els adults solen pensar que els nens i els adolescents no tenen o no haurien de tenir problemes. O b\u00e9, que els seus problemes s\u00f3n coses de l\u2019edat i que...\" \/>\n<meta property=\"og:url\" content=\"https:\/\/www.entredones.com\/blog\/unitat-de-salut-i-benestar-infantojuvenil\/\" \/>\n<meta property=\"og:site_name\" content=\"Entredones blog\" \/>\n<meta property=\"article:published_time\" content=\"2020-02-06T18:35:00+00:00\" \/>\n<meta property=\"article:modified_time\" content=\"2021-05-14T15:09:20+00:00\" \/>\n<meta property=\"og:image\" content=\"https:\/\/www.entredones.com\/blog\/wp-content\/uploads\/2021\/05\/FOTO-INFANTO-JUVENIL-scaled.jpg\" \/>\n\t<meta property=\"og:image:width\" content=\"2560\" \/>\n\t<meta property=\"og:image:height\" content=\"1707\" \/>\n\t<meta property=\"og:image:type\" content=\"image\/jpeg\" \/>\n<meta name=\"author\" content=\"Entredones, parlem de salut\" \/>\n<meta name=\"twitter:card\" content=\"summary_large_image\" \/>\n<meta name=\"twitter:label1\" content=\"Escrito por\" \/>\n\t<meta name=\"twitter:data1\" content=\"Entredones, parlem de salut\" \/>\n\t<meta name=\"twitter:label2\" content=\"Tiempo de lectura\" \/>\n\t<meta name=\"twitter:data2\" content=\"2 minutos\" \/>\n<script type=\"application\/ld+json\" class=\"yoast-schema-graph\">{\"@context\":\"https:\/\/schema.org\",\"@graph\":[{\"@type\":\"Organization\",\"@id\":\"https:\/\/www.entredones.com\/blog\/#organization\",\"name\":\"Entredones blog\",\"url\":\"https:\/\/www.entredones.com\/blog\/\",\"sameAs\":[],\"logo\":{\"@type\":\"ImageObject\",\"inLanguage\":\"es\",\"@id\":\"https:\/\/www.entredones.com\/blog\/#\/schema\/logo\/image\/\",\"url\":\"https:\/\/www.entredones.com\/blog\/wp-content\/uploads\/2021\/05\/logo-wide.png\",\"contentUrl\":\"https:\/\/www.entredones.com\/blog\/wp-content\/uploads\/2021\/05\/logo-wide.png\",\"width\":180,\"height\":70,\"caption\":\"Entredones blog\"},\"image\":{\"@id\":\"https:\/\/www.entredones.com\/blog\/#\/schema\/logo\/image\/\"}},{\"@type\":\"WebSite\",\"@id\":\"https:\/\/www.entredones.com\/blog\/#website\",\"url\":\"https:\/\/www.entredones.com\/blog\/\",\"name\":\"Entredones blog\",\"description\":\"Ginecolog\u00eda, sexolog\u00eda, Fisioterapia de suelo p\u00e9lvico\",\"publisher\":{\"@id\":\"https:\/\/www.entredones.com\/blog\/#organization\"},\"potentialAction\":[{\"@type\":\"SearchAction\",\"target\":{\"@type\":\"EntryPoint\",\"urlTemplate\":\"https:\/\/www.entredones.com\/blog\/?s={search_term_string}\"},\"query-input\":\"required name=search_term_string\"}],\"inLanguage\":\"es\"},{\"@type\":\"WebPage\",\"@id\":\"https:\/\/www.entredones.com\/blog\/unitat-de-salut-i-benestar-infantojuvenil\/\",\"url\":\"https:\/\/www.entredones.com\/blog\/unitat-de-salut-i-benestar-infantojuvenil\/\",\"name\":\"Unitat de Salut i Benestar Infantojuvenil - Entredones blog\",\"isPartOf\":{\"@id\":\"https:\/\/www.entredones.com\/blog\/#website\"},\"datePublished\":\"2020-02-06T18:35:00+00:00\",\"dateModified\":\"2021-05-14T15:09:20+00:00\",\"breadcrumb\":{\"@id\":\"https:\/\/www.entredones.com\/blog\/unitat-de-salut-i-benestar-infantojuvenil\/#breadcrumb\"},\"inLanguage\":\"es\",\"potentialAction\":[{\"@type\":\"ReadAction\",\"target\":[\"https:\/\/www.entredones.com\/blog\/unitat-de-salut-i-benestar-infantojuvenil\/\"]}]},{\"@type\":\"BreadcrumbList\",\"@id\":\"https:\/\/www.entredones.com\/blog\/unitat-de-salut-i-benestar-infantojuvenil\/#breadcrumb\",\"itemListElement\":[{\"@type\":\"ListItem\",\"position\":1,\"name\":\"Portada\",\"item\":\"https:\/\/www.entredones.com\/blog\/\"},{\"@type\":\"ListItem\",\"position\":2,\"name\":\"Unitat de Salut i Benestar Infantojuvenil\"}]},{\"@type\":\"Article\",\"@id\":\"https:\/\/www.entredones.com\/blog\/unitat-de-salut-i-benestar-infantojuvenil\/#article\",\"isPartOf\":{\"@id\":\"https:\/\/www.entredones.com\/blog\/unitat-de-salut-i-benestar-infantojuvenil\/\"},\"author\":{\"name\":\"Entredones, parlem de salut\",\"@id\":\"https:\/\/www.entredones.com\/blog\/#\/schema\/person\/6b3d00793e5c8ccea3c73d6bcc2d1f08\"},\"headline\":\"Unitat de Salut i Benestar Infantojuvenil\",\"datePublished\":\"2020-02-06T18:35:00+00:00\",\"dateModified\":\"2021-05-14T15:09:20+00:00\",\"mainEntityOfPage\":{\"@id\":\"https:\/\/www.entredones.com\/blog\/unitat-de-salut-i-benestar-infantojuvenil\/\"},\"wordCount\":308,\"publisher\":{\"@id\":\"https:\/\/www.entredones.com\/blog\/#organization\"},\"articleSection\":[\"Psicolog\u00eda\"],\"inLanguage\":\"es\"},{\"@type\":\"Person\",\"@id\":\"https:\/\/www.entredones.com\/blog\/#\/schema\/person\/6b3d00793e5c8ccea3c73d6bcc2d1f08\",\"name\":\"Entredones, parlem de salut\",\"image\":{\"@type\":\"ImageObject\",\"inLanguage\":\"es\",\"@id\":\"https:\/\/www.entredones.com\/blog\/#\/schema\/person\/image\/\",\"url\":\"https:\/\/secure.gravatar.com\/avatar\/4630c40d4e0a80515ffaa2b53df09e137ea112eb191bcf3dbd0121df7d5ca457?s=96&d=mm&r=g\",\"contentUrl\":\"https:\/\/secure.gravatar.com\/avatar\/4630c40d4e0a80515ffaa2b53df09e137ea112eb191bcf3dbd0121df7d5ca457?s=96&d=mm&r=g\",\"caption\":\"Entredones, parlem de salut\"},\"sameAs\":[\"https:\/\/www.entredones.com\/blog\"],\"url\":\"https:\/\/www.entredones.com\/blog\/author\/donamveu1\/\"}]}<\/script>\n<!-- \/ Yoast SEO plugin. -->","yoast_head_json":{"title":"Unitat de Salut i Benestar Infantojuvenil - Entredones blog","robots":{"index":"index","follow":"follow","max-snippet":"max-snippet:-1","max-image-preview":"max-image-preview:large","max-video-preview":"max-video-preview:-1"},"canonical":"https:\/\/www.entredones.com\/blog\/unitat-de-salut-i-benestar-infantojuvenil\/","og_locale":"es_ES","og_type":"article","og_title":"Unitat de Salut i Benestar Infantojuvenil - Entredones blog","og_description":"Els adults solen pensar que els nens i els adolescents no tenen o no haurien de tenir problemes. O b\u00e9, que els seus problemes s\u00f3n coses de l\u2019edat i que...","og_url":"https:\/\/www.entredones.com\/blog\/unitat-de-salut-i-benestar-infantojuvenil\/","og_site_name":"Entredones blog","article_published_time":"2020-02-06T18:35:00+00:00","article_modified_time":"2021-05-14T15:09:20+00:00","og_image":[{"width":2560,"height":1707,"url":"https:\/\/www.entredones.com\/blog\/wp-content\/uploads\/2021\/05\/FOTO-INFANTO-JUVENIL-scaled.jpg","type":"image\/jpeg"}],"author":"Entredones, parlem de salut","twitter_card":"summary_large_image","twitter_misc":{"Escrito por":"Entredones, parlem de salut","Tiempo de lectura":"2 minutos"},"schema":{"@context":"https:\/\/schema.org","@graph":[{"@type":"Organization","@id":"https:\/\/www.entredones.com\/blog\/#organization","name":"Entredones blog","url":"https:\/\/www.entredones.com\/blog\/","sameAs":[],"logo":{"@type":"ImageObject","inLanguage":"es","@id":"https:\/\/www.entredones.com\/blog\/#\/schema\/logo\/image\/","url":"https:\/\/www.entredones.com\/blog\/wp-content\/uploads\/2021\/05\/logo-wide.png","contentUrl":"https:\/\/www.entredones.com\/blog\/wp-content\/uploads\/2021\/05\/logo-wide.png","width":180,"height":70,"caption":"Entredones blog"},"image":{"@id":"https:\/\/www.entredones.com\/blog\/#\/schema\/logo\/image\/"}},{"@type":"WebSite","@id":"https:\/\/www.entredones.com\/blog\/#website","url":"https:\/\/www.entredones.com\/blog\/","name":"Entredones blog","description":"Ginecolog\u00eda, sexolog\u00eda, Fisioterapia de suelo p\u00e9lvico","publisher":{"@id":"https:\/\/www.entredones.com\/blog\/#organization"},"potentialAction":[{"@type":"SearchAction","target":{"@type":"EntryPoint","urlTemplate":"https:\/\/www.entredones.com\/blog\/?s={search_term_string}"},"query-input":"required name=search_term_string"}],"inLanguage":"es"},{"@type":"WebPage","@id":"https:\/\/www.entredones.com\/blog\/unitat-de-salut-i-benestar-infantojuvenil\/","url":"https:\/\/www.entredones.com\/blog\/unitat-de-salut-i-benestar-infantojuvenil\/","name":"Unitat de Salut i Benestar Infantojuvenil - Entredones blog","isPartOf":{"@id":"https:\/\/www.entredones.com\/blog\/#website"},"datePublished":"2020-02-06T18:35:00+00:00","dateModified":"2021-05-14T15:09:20+00:00","breadcrumb":{"@id":"https:\/\/www.entredones.com\/blog\/unitat-de-salut-i-benestar-infantojuvenil\/#breadcrumb"},"inLanguage":"es","potentialAction":[{"@type":"ReadAction","target":["https:\/\/www.entredones.com\/blog\/unitat-de-salut-i-benestar-infantojuvenil\/"]}]},{"@type":"BreadcrumbList","@id":"https:\/\/www.entredones.com\/blog\/unitat-de-salut-i-benestar-infantojuvenil\/#breadcrumb","itemListElement":[{"@type":"ListItem","position":1,"name":"Portada","item":"https:\/\/www.entredones.com\/blog\/"},{"@type":"ListItem","position":2,"name":"Unitat de Salut i Benestar Infantojuvenil"}]},{"@type":"Article","@id":"https:\/\/www.entredones.com\/blog\/unitat-de-salut-i-benestar-infantojuvenil\/#article","isPartOf":{"@id":"https:\/\/www.entredones.com\/blog\/unitat-de-salut-i-benestar-infantojuvenil\/"},"author":{"name":"Entredones, parlem de salut","@id":"https:\/\/www.entredones.com\/blog\/#\/schema\/person\/6b3d00793e5c8ccea3c73d6bcc2d1f08"},"headline":"Unitat de Salut i Benestar Infantojuvenil","datePublished":"2020-02-06T18:35:00+00:00","dateModified":"2021-05-14T15:09:20+00:00","mainEntityOfPage":{"@id":"https:\/\/www.entredones.com\/blog\/unitat-de-salut-i-benestar-infantojuvenil\/"},"wordCount":308,"publisher":{"@id":"https:\/\/www.entredones.com\/blog\/#organization"},"articleSection":["Psicolog\u00eda"],"inLanguage":"es"},{"@type":"Person","@id":"https:\/\/www.entredones.com\/blog\/#\/schema\/person\/6b3d00793e5c8ccea3c73d6bcc2d1f08","name":"Entredones, parlem de salut","image":{"@type":"ImageObject","inLanguage":"es","@id":"https:\/\/www.entredones.com\/blog\/#\/schema\/person\/image\/","url":"https:\/\/secure.gravatar.com\/avatar\/4630c40d4e0a80515ffaa2b53df09e137ea112eb191bcf3dbd0121df7d5ca457?s=96&d=mm&r=g","contentUrl":"https:\/\/secure.gravatar.com\/avatar\/4630c40d4e0a80515ffaa2b53df09e137ea112eb191bcf3dbd0121df7d5ca457?s=96&d=mm&r=g","caption":"Entredones, parlem de salut"},"sameAs":["https:\/\/www.entredones.com\/blog"],"url":"https:\/\/www.entredones.com\/blog\/author\/donamveu1\/"}]}},"_links":{"self":[{"href":"https:\/\/www.entredones.com\/blog\/wp-json\/wp\/v2\/posts\/62","targetHints":{"allow":["GET"]}}],"collection":[{"href":"https:\/\/www.entredones.com\/blog\/wp-json\/wp\/v2\/posts"}],"about":[{"href":"https:\/\/www.entredones.com\/blog\/wp-json\/wp\/v2\/types\/post"}],"author":[{"embeddable":true,"href":"https:\/\/www.entredones.com\/blog\/wp-json\/wp\/v2\/users\/1"}],"replies":[{"embeddable":true,"href":"https:\/\/www.entredones.com\/blog\/wp-json\/wp\/v2\/comments?post=62"}],"version-history":[{"count":4,"href":"https:\/\/www.entredones.com\/blog\/wp-json\/wp\/v2\/posts\/62\/revisions"}],"predecessor-version":[{"id":322,"href":"https:\/\/www.entredones.com\/blog\/wp-json\/wp\/v2\/posts\/62\/revisions\/322"}],"wp:featuredmedia":[{"embeddable":true,"href":"https:\/\/www.entredones.com\/blog\/wp-json\/wp\/v2\/media\/233"}],"wp:attachment":[{"href":"https:\/\/www.entredones.com\/blog\/wp-json\/wp\/v2\/media?parent=62"}],"wp:term":[{"taxonomy":"category","embeddable":true,"href":"https:\/\/www.entredones.com\/blog\/wp-json\/wp\/v2\/categories?post=62"},{"taxonomy":"post_tag","embeddable":true,"href":"https:\/\/www.entredones.com\/blog\/wp-json\/wp\/v2\/tags?post=62"}],"curies":[{"name":"wp","href":"https:\/\/api.w.org\/{rel}","templated":true}]}}